{"id":328,"date":"2016-07-27T20:45:17","date_gmt":"2016-07-27T18:45:17","guid":{"rendered":"http:\/\/www.e-conex.com\/wtrakciepracy\/pronicel\/?p=328"},"modified":"2021-11-19T10:21:19","modified_gmt":"2021-11-19T09:21:19","slug":"suspendisse-a-augue-non-turpis-tristique-consectetur","status":"publish","type":"post","link":"https:\/\/www.grupapronicel.pl\/?p=328","title":{"rendered":"Klej pod w\u0142asn\u0105 mark\u0105"},"content":{"rendered":"<p>Potrzebujesz kleju pod w\u0142asn\u0105 mark\u0105?<\/p>\n<p>Grupa Pronicel S.A. specjalizuje si\u0119 w tworzeniu produkt\u00f3w pod mark\u0105 klienta. Us\u0142uga ta dotyczy wszystkich produkt\u00f3w z naszej oferty, jak r\u00f3wnie\u017c produkt\u00f3w nowych, tworzonych specjalnie na zam\u00f3wienie klienta.<\/p>\n<p>Jeste\u015bmy elastyczni i potrafimy uruchomi\u0107 produkcj\u0119 nawet niewielkich startowych serii produkt\u00f3w. Tworzone przez nas produkty posiadaj\u0105 wysok\u0105, potwierdzon\u0105 jako\u015b\u0107, a niski koszt produkcji pozwalaj\u0105 nam cz\u0119sto oferowa\u0107 produkty w atrakcyjnych cenach. Zapraszamy do wsp\u00f3\u0142pracy \u2013 produkty pod mark\u0105 w\u0142asn\u0105, to doskona\u0142e narz\u0119dzie pozwalaj\u0105ce na budowanie lojalno\u015bci klienta, budowanie presti\u017cu firmy, reklam\u0119, agresywn\u0105 polityk\u0119 cenow\u0105, oraz oczywi\u015bcie rozszerzenie asortymentu i zwi\u0119kszenie obrot\u00f3w.<\/p>\n","protected":false},"excerpt":{"rendered":"<p>Potrzebujesz kleju pod w\u0142asn\u0105 mark\u0105? Grupa Pronicel S.A. specjalizuje si\u0119 w tworzeniu produkt\u00f3w pod mark\u0105 klienta. Us\u0142uga ta dotyczy wszystkich produkt\u00f3w z naszej oferty, jak r\u00f3wnie\u017c produkt\u00f3w nowych, tworzonych specjalnie na zam\u00f3wienie klienta. Jeste\u015bmy elastyczni i potrafimy uruchomi\u0107 produkcj\u0119 nawet niewielkich startowych serii produkt\u00f3w. Tworzone przez nas produkty posiadaj\u0105 wysok\u0105, potwierdzon\u0105 jako\u015b\u0107, a niski koszt [&hellip;]<\/p>\n","protected":false},"author":5,"featured_media":0,"comment_status":"closed","ping_status":"closed","sticky":false,"template":"","format":"standard","meta":[],"class_list":["post-328","post","type-post","status-publish","hentry"],"acf":[],"yoast_head":"<!-- This site is optimized with the Yoast SEO plugin v19.7.1 - https:\/\/yoast.com\/wordpress\/plugins\/seo\/ -->\n<title>| Grupa Pronicel S.A<\/title>\n<meta name=\"robots\" content=\"index, follow, max-snippet:-1, max-image-preview:large, max-video-preview:-1\" \/>\n<link rel=\"canonical\" href=\"http:\/\/www.grupapronicel.pl\/wlasna-marka\/\" \/>\n<meta property=\"og:locale\" content=\"pl_PL\" \/>\n<meta property=\"og:type\" content=\"article\" \/>\n<meta property=\"og:title\" content=\"| Grupa Pronicel S.A\" \/>\n<meta property=\"og:description\" content=\"Potrzebujesz kleju pod w\u0142asn\u0105 mark\u0105? Grupa Pronicel S.A. specjalizuje si\u0119 w tworzeniu produkt\u00f3w pod mark\u0105 klienta. Us\u0142uga ta dotyczy wszystkich produkt\u00f3w z naszej oferty, jak r\u00f3wnie\u017c produkt\u00f3w nowych, tworzonych specjalnie na zam\u00f3wienie klienta. Jeste\u015bmy elastyczni i potrafimy uruchomi\u0107 produkcj\u0119 nawet niewielkich startowych serii produkt\u00f3w. Tworzone przez nas produkty posiadaj\u0105 wysok\u0105, potwierdzon\u0105 jako\u015b\u0107, a niski koszt [&hellip;]\" \/>\n<meta property=\"og:url\" content=\"http:\/\/www.grupapronicel.pl\/wlasna-marka\/\" \/>\n<meta property=\"og:site_name\" content=\"Grupa Pronicel S.A\" \/>\n<meta property=\"article:published_time\" content=\"2016-07-27T18:45:17+00:00\" \/>\n<meta property=\"article:modified_time\" content=\"2021-11-19T09:21:19+00:00\" \/>\n<meta property=\"og:image\" content=\"https:\/\/www.grupapronicel.pl\/wp-content\/uploads\/grupa-pronicel.png\" \/>\n\t<meta property=\"og:image:width\" content=\"210\" \/>\n\t<meta property=\"og:image:height\" content=\"57\" \/>\n\t<meta property=\"og:image:type\" content=\"image\/png\" \/>\n<meta name=\"author\" content=\"Admin\" \/>\n<meta name=\"twitter:card\" content=\"summary\" \/>\n<meta name=\"twitter:label1\" content=\"Napisane przez\" \/>\n\t<meta name=\"twitter:data1\" content=\"Admin\" \/>\n\t<meta name=\"twitter:label2\" content=\"Szacowany czas czytania\" \/>\n\t<meta name=\"twitter:data2\" content=\"1 minuta\" \/>\n<script type=\"application\/ld+json\" class=\"yoast-schema-graph\">{\"@context\":\"https:\/\/schema.org\",\"@graph\":[{\"@type\":\"WebPage\",\"@id\":\"https:\/\/www.grupapronicel.pl\/?p=328\",\"url\":\"http:\/\/www.grupapronicel.pl\/wlasna-marka\/\",\"name\":\"| Grupa Pronicel S.A\",\"isPartOf\":{\"@id\":\"https:\/\/www.grupapronicel.pl\/#website\"},\"datePublished\":\"2016-07-27T18:45:17+00:00\",\"dateModified\":\"2021-11-19T09:21:19+00:00\",\"author\":{\"@id\":\"https:\/\/www.grupapronicel.pl\/#\/schema\/person\/60aa7a2de9e5bb37ef3266309634dfb1\"},\"breadcrumb\":{\"@id\":\"http:\/\/www.grupapronicel.pl\/wlasna-marka\/#breadcrumb\"},\"inLanguage\":\"pl-PL\",\"potentialAction\":[{\"@type\":\"ReadAction\",\"target\":[\"http:\/\/www.grupapronicel.pl\/wlasna-marka\/\"]}]},{\"@type\":\"BreadcrumbList\",\"@id\":\"http:\/\/www.grupapronicel.pl\/wlasna-marka\/#breadcrumb\",\"itemListElement\":[{\"@type\":\"ListItem\",\"position\":1,\"name\":\"Strona g\u0142\u00f3wna\",\"item\":\"https:\/\/www.grupapronicel.pl\/\"},{\"@type\":\"ListItem\",\"position\":2,\"name\":\"Klej pod w\u0142asn\u0105 mark\u0105\"}]},{\"@type\":\"WebSite\",\"@id\":\"https:\/\/www.grupapronicel.pl\/#website\",\"url\":\"https:\/\/www.grupapronicel.pl\/\",\"name\":\"Grupa Pronicel S.A\",\"description\":\"Tradycja i nowoczesno\u015b\u0107\",\"potentialAction\":[{\"@type\":\"SearchAction\",\"target\":{\"@type\":\"EntryPoint\",\"urlTemplate\":\"https:\/\/www.grupapronicel.pl\/?s={search_term_string}\"},\"query-input\":\"required name=search_term_string\"}],\"inLanguage\":\"pl-PL\"}]}<\/script>\n<!-- \/ Yoast SEO plugin. -->","yoast_head_json":{"title":"| Grupa Pronicel S.A","robots":{"index":"index","follow":"follow","max-snippet":"max-snippet:-1","max-image-preview":"max-image-preview:large","max-video-preview":"max-video-preview:-1"},"canonical":"http:\/\/www.grupapronicel.pl\/wlasna-marka\/","og_locale":"pl_PL","og_type":"article","og_title":"| Grupa Pronicel S.A","og_description":"Potrzebujesz kleju pod w\u0142asn\u0105 mark\u0105? Grupa Pronicel S.A. specjalizuje si\u0119 w tworzeniu produkt\u00f3w pod mark\u0105 klienta. Us\u0142uga ta dotyczy wszystkich produkt\u00f3w z naszej oferty, jak r\u00f3wnie\u017c produkt\u00f3w nowych, tworzonych specjalnie na zam\u00f3wienie klienta. Jeste\u015bmy elastyczni i potrafimy uruchomi\u0107 produkcj\u0119 nawet niewielkich startowych serii produkt\u00f3w. Tworzone przez nas produkty posiadaj\u0105 wysok\u0105, potwierdzon\u0105 jako\u015b\u0107, a niski koszt [&hellip;]","og_url":"http:\/\/www.grupapronicel.pl\/wlasna-marka\/","og_site_name":"Grupa Pronicel S.A","article_published_time":"2016-07-27T18:45:17+00:00","article_modified_time":"2021-11-19T09:21:19+00:00","og_image":[{"width":210,"height":57,"url":"https:\/\/www.grupapronicel.pl\/wp-content\/uploads\/grupa-pronicel.png","type":"image\/png"}],"author":"Admin","twitter_card":"summary","twitter_misc":{"Napisane przez":"Admin","Szacowany czas czytania":"1 minuta"},"schema":{"@context":"https:\/\/schema.org","@graph":[{"@type":"WebPage","@id":"https:\/\/www.grupapronicel.pl\/?p=328","url":"http:\/\/www.grupapronicel.pl\/wlasna-marka\/","name":"| Grupa Pronicel S.A","isPartOf":{"@id":"https:\/\/www.grupapronicel.pl\/#website"},"datePublished":"2016-07-27T18:45:17+00:00","dateModified":"2021-11-19T09:21:19+00:00","author":{"@id":"https:\/\/www.grupapronicel.pl\/#\/schema\/person\/60aa7a2de9e5bb37ef3266309634dfb1"},"breadcrumb":{"@id":"http:\/\/www.grupapronicel.pl\/wlasna-marka\/#breadcrumb"},"inLanguage":"pl-PL","potentialAction":[{"@type":"ReadAction","target":["http:\/\/www.grupapronicel.pl\/wlasna-marka\/"]}]},{"@type":"BreadcrumbList","@id":"http:\/\/www.grupapronicel.pl\/wlasna-marka\/#breadcrumb","itemListElement":[{"@type":"ListItem","position":1,"name":"Strona g\u0142\u00f3wna","item":"https:\/\/www.grupapronicel.pl\/"},{"@type":"ListItem","position":2,"name":"Klej pod w\u0142asn\u0105 mark\u0105"}]},{"@type":"WebSite","@id":"https:\/\/www.grupapronicel.pl\/#website","url":"https:\/\/www.grupapronicel.pl\/","name":"Grupa Pronicel S.A","description":"Tradycja i nowoczesno\u015b\u0107","potentialAction":[{"@type":"SearchAction","target":{"@type":"EntryPoint","urlTemplate":"https:\/\/www.grupapronicel.pl\/?s={search_term_string}"},"query-input":"required name=search_term_string"}],"inLanguage":"pl-PL"}]}},"_links":{"self":[{"href":"https:\/\/www.grupapronicel.pl\/index.php?rest_route=\/wp\/v2\/posts\/328","targetHints":{"allow":["GET"]}}],"collection":[{"href":"https:\/\/www.grupapronicel.pl\/index.php?rest_route=\/wp\/v2\/posts"}],"about":[{"href":"https:\/\/www.grupapronicel.pl\/index.php?rest_route=\/wp\/v2\/types\/post"}],"author":[{"embeddable":true,"href":"https:\/\/www.grupapronicel.pl\/index.php?rest_route=\/wp\/v2\/users\/5"}],"replies":[{"embeddable":true,"href":"https:\/\/www.grupapronicel.pl\/index.php?rest_route=%2Fwp%2Fv2%2Fcomments&post=328"}],"version-history":[{"count":0,"href":"https:\/\/www.grupapronicel.pl\/index.php?rest_route=\/wp\/v2\/posts\/328\/revisions"}],"wp:attachment":[{"href":"https:\/\/www.grupapronicel.pl\/index.php?rest_route=%2Fwp%2Fv2%2Fmedia&parent=328"}],"curies":[{"name":"wp","href":"https:\/\/api.w.org\/{rel}","templated":true}]}}